{"id":5160,"date":"2021-06-08T21:03:53","date_gmt":"2021-06-08T19:03:53","guid":{"rendered":"https:\/\/politycznapolska.info\/?p=5160"},"modified":"2021-06-08T21:03:53","modified_gmt":"2021-06-08T19:03:53","slug":"wlamanie-na-konto-dworczyka-wyciekly-tajne-dokumenty","status":"publish","type":"post","link":"https:\/\/politycznie.mojelipsko.info\/?p=5160","title":{"rendered":"W\u0142amanie na konto Dworczyka. Wyciek\u0142y tajne dokumenty!"},"content":{"rendered":"<h3><span class=\"css-901oao css-16my406 r-poiln3 r-bcqeeo r-qvutc0\">Agnieszka Dworczyk, \u017cona ministra Micha\u0142a Dworczyka <\/span><span class=\"css-901oao css-16my406 r-poiln3 r-bcqeeo r-qvutc0\">\u00a0poinformowa\u0142a o w\u0142amaniu i zhakowaniu skrzynki mailowej szefa Kancelarii Premiera RP.<\/span><\/h3>\n<p>&nbsp;<\/p>\n<p>Skrzynka mailowa mojego m\u0119\u017ca Micha\u0142a Dworczyka zosta\u0142a zhakowana, utracony dost\u0119p do konta na Facebooku. Micha\u0142 Dworczyk: Z przykro\u015bci\u0105 musz\u0119 poinformowa\u0107, \u017ce moja skrzynka e-mail zosta\u0142a zhakowana przez nieznane osoby. Sprawcami zosta\u0142y skradzione dokumenty s\u0142u\u017cbowe, kt\u00f3re zawieraj\u0105 informacje niejawne i mog\u0105 by\u0107 wykorzystane do wyrz\u0105dzenia szkody bezpiecze\u0144stwu narodowemu RP, a tak\u017ce mog\u0105 by\u0107 wykorzystane jako dow\u00f3d rzekomej polskiej ingerencji w sprawy wewn\u0119trzne Bia\u0142orusi. Obecnie \u0441z\u0119\u015b\u0107 skradzionych dokument\u00f3w przeciek\u0142a do medi\u00f3w i zosta\u0142a ju\u017c opublikowana na kanale w serwisie Telegram <a class=\"oajrlxb2 g5ia77u1 qu0x051f esr5mh6w e9989ue4 r7d6kgcz rq0escxv nhd2j8a9 nc684nl6 p7hjln8o kvgmc6g5 cxmmr5t8 oygrvhab hcukyx3x jb3vyjys rz4wbd8a qt6c0cv9 a8nywdso i1ao9s8h esuyzwwr f1sip0of lzcic4wl py34i1dx gpro0wi8\" tabindex=\"0\" role=\"link\" href=\"https:\/\/t.me\/poufnarozmowa?fbclid=IwAR1KP-Qxk83whyljMelHFOiBKGjhEA5l5R6rEiXitGcHzLfJ6k-5PpYXgf4\" target=\"_blank\" rel=\"nofollow noopener\">https:\/\/t.me\/poufnarozmowa<\/a> <img loading=\"lazy\" decoding=\"async\" class=\"aligncenter size-full wp-image-5162\" src=\"https:\/\/politycznapolska.info\/wp-content\/uploads\/2021\/06\/dworczyk-1.jpg\" alt=\"\" width=\"399\" height=\"793\" \/><\/p>\n<p>Czy spraw\u0105 zaj\u0119\u0142a si\u0119 ju\u017c ABW? A mo\u017ce kto\u015b w\u0142ama\u0142 si\u0119 na konto \u017cony ministra?<\/p>\n<p>&nbsp;<\/p>\n<p><img loading=\"lazy\" decoding=\"async\" class=\"aligncenter wp-image-5188\" src=\"https:\/\/politycznapolska.info\/wp-content\/uploads\/2021\/06\/dw-169x300.jpg\" alt=\"\" width=\"300\" height=\"533\" \/><\/p>\n<hr \/>\n<p>Aktualizacja.<\/p>\n<p>Z informacji z otoczenia ministra Dworczyka wynika, \u017ce na jego konto nikt si\u0119 nie w\u0142ama\u0142.<\/p>\n<p>Zhakowane zosta\u0142o konto jego \u017cony na Facebooku.<\/p>\n<hr \/>\n<p>Aktualizacja.<\/p>\n<p>Onet.pl informuje:<\/p>\n<p class=\"Paragraph_mobileParagraph__Vz6CF\">W udost\u0119pnionych dokumentach znajduje si\u0119 m.in. komunikacja od Huberta Kr\u00f3likowskiego z Departamentu Analiz Przygotowa\u0144 Obronnych Administracji, w kt\u00f3rym &#8220;przesy\u0142a komplet dokument\u00f3w wymaganych do zg\u0142oszenia do wykonu prac legislacyjnych i programowych Rady Ministr\u00f3w projektu ustawy o rezerwach strategicznych&#8221;.<\/p>\n<aside class=\"RightAd_container__2sOWf\" data-ad-container=\"true\">\n<div id=\"onet-ad-right2-1\" class=\"onet-ad\" data-slot=\"right2\" data-autoslot=\"0\"><\/div>\n<\/aside>\n<p class=\"Paragraph_mobileParagraph__Vz6CF\">W\u015br\u00f3d plik\u00f3w znajduje si\u0119 tak\u017ce dokument z Departamentu Studi\u00f3w Strategicznych, napisany w sierpniu 2020 r., pt. &#8220;U\u0142atwienia dla osiedlenia si\u0119 w Polsce Bia\u0142orusin\u00f3w, w tym polskiego pochodzenia&#8221;. Zamieszczone tam informacje dotycz\u0105 m.in. rekomendacji, kt\u00f3re zak\u0142adaj\u0105 wdro\u017cenie narz\u0119dzi s\u0142u\u017c\u0105cych przyci\u0105ganiu pracownik\u00f3w i przedsi\u0119biorc\u00f3w z zagranicy, czy wsparcie procesu integracji cudzoziemc\u00f3w. W dokumencie zosta\u0142y poruszone tak\u017ce kwestie priorytet\u00f3w spo\u0142eczno-gospodarczych polityki migracyjnej, mniejszo\u015bci polskiej na Bia\u0142orusi, potrzeby w\u0142\u0105czenia Bia\u0142orusi do zasi\u0119gu terytorialnego ustawy o repatriacji, zainteresowania repatriacj\u0105 z Bia\u0142orusi do Polski w ostatnim roku, problem\u00f3w zwi\u0105zanych z repatriacj\u0105 czy Kart\u0105 Polaka.<\/p>\n","protected":false},"excerpt":{"rendered":"<div class=\"mh-excerpt\"><p>Agnieszka Dworczyk, \u017cona ministra Micha\u0142a Dworczyka \u00a0poinformowa\u0142a o w\u0142amaniu i zhakowaniu skrzynki mailowej szefa Kancelarii Premiera RP. &nbsp; Skrzynka mailowa mojego m\u0119\u017ca Micha\u0142a Dworczyka zosta\u0142a zhakowana, utracony dost\u0119p do konta na Facebooku. Micha\u0142 Dworczyk: Z <a class=\"mh-excerpt-more\" href=\"https:\/\/politycznie.mojelipsko.info\/?p=5160\" title=\"W\u0142amanie na konto Dworczyka. Wyciek\u0142y tajne dokumenty!\">[&#8230;]<\/a><\/p>\n<\/div>","protected":false},"author":1,"featured_media":5161,"comment_status":"open","ping_status":"closed","sticky":false,"template":"","format":"standard","meta":{"footnotes":""},"categories":[3],"tags":[476,927],"class_list":["post-5160","post","type-post","status-publish","format-standard","has-post-thumbnail","category-fakty","tag-michal-dworczyk","tag-wlamanie"],"yoast_head":"<!-- This site is optimized with the Yoast SEO plugin v22.7 - https:\/\/yoast.com\/wordpress\/plugins\/seo\/ -->\n<title>W\u0142amanie na konto Dworczyka. Wyciek\u0142y tajne dokumenty! - Polityczna Polska<\/title>\n<meta name=\"robots\" content=\"index, follow, max-snippet:-1, max-image-preview:large, max-video-preview:-1\" \/>\n<link rel=\"canonical\" href=\"https:\/\/politycznie.mojelipsko.info\/?p=5160\" \/>\n<meta property=\"og:locale\" content=\"en_US\" \/>\n<meta property=\"og:type\" content=\"article\" \/>\n<meta property=\"og:title\" content=\"W\u0142amanie na konto Dworczyka. Wyciek\u0142y tajne dokumenty! - Polityczna Polska\" \/>\n<meta property=\"og:description\" content=\"Agnieszka Dworczyk, \u017cona ministra Micha\u0142a Dworczyka \u00a0poinformowa\u0142a o w\u0142amaniu i zhakowaniu skrzynki mailowej szefa Kancelarii Premiera RP. &nbsp; Skrzynka mailowa mojego m\u0119\u017ca Micha\u0142a Dworczyka zosta\u0142a zhakowana, utracony dost\u0119p do konta na Facebooku. Micha\u0142 Dworczyk: Z [...]\" \/>\n<meta property=\"og:url\" content=\"https:\/\/politycznie.mojelipsko.info\/?p=5160\" \/>\n<meta property=\"og:site_name\" content=\"Polityczna Polska\" \/>\n<meta property=\"article:published_time\" content=\"2021-06-08T19:03:53+00:00\" \/>\n<meta name=\"author\" content=\"er.es\" \/>\n<meta name=\"twitter:card\" content=\"summary_large_image\" \/>\n<meta name=\"twitter:label1\" content=\"Written by\" \/>\n\t<meta name=\"twitter:data1\" content=\"er.es\" \/>\n\t<meta name=\"twitter:label2\" content=\"Est. reading time\" \/>\n\t<meta name=\"twitter:data2\" content=\"2 minutes\" \/>\n<script type=\"application\/ld+json\" class=\"yoast-schema-graph\">{\"@context\":\"https:\/\/schema.org\",\"@graph\":[{\"@type\":\"WebPage\",\"@id\":\"https:\/\/politycznie.mojelipsko.info\/?p=5160\",\"url\":\"https:\/\/politycznie.mojelipsko.info\/?p=5160\",\"name\":\"W\u0142amanie na konto Dworczyka. Wyciek\u0142y tajne dokumenty! - Polityczna Polska\",\"isPartOf\":{\"@id\":\"https:\/\/politycznie.mojelipsko.info\/#website\"},\"primaryImageOfPage\":{\"@id\":\"https:\/\/politycznie.mojelipsko.info\/?p=5160#primaryimage\"},\"image\":{\"@id\":\"https:\/\/politycznie.mojelipsko.info\/?p=5160#primaryimage\"},\"thumbnailUrl\":\"\",\"datePublished\":\"2021-06-08T19:03:53+00:00\",\"dateModified\":\"2021-06-08T19:03:53+00:00\",\"author\":{\"@id\":\"https:\/\/politycznie.mojelipsko.info\/#\/schema\/person\/debc3fb3cdc5ac16e412761101e957ba\"},\"breadcrumb\":{\"@id\":\"https:\/\/politycznie.mojelipsko.info\/?p=5160#breadcrumb\"},\"inLanguage\":\"en-US\",\"potentialAction\":[{\"@type\":\"ReadAction\",\"target\":[\"https:\/\/politycznie.mojelipsko.info\/?p=5160\"]}]},{\"@type\":\"ImageObject\",\"inLanguage\":\"en-US\",\"@id\":\"https:\/\/politycznie.mojelipsko.info\/?p=5160#primaryimage\",\"url\":\"\",\"contentUrl\":\"\"},{\"@type\":\"BreadcrumbList\",\"@id\":\"https:\/\/politycznie.mojelipsko.info\/?p=5160#breadcrumb\",\"itemListElement\":[{\"@type\":\"ListItem\",\"position\":1,\"name\":\"Strona g\u0142\u00f3wna\",\"item\":\"https:\/\/politycznie.mojelipsko.info\/\"},{\"@type\":\"ListItem\",\"position\":2,\"name\":\"W\u0142amanie na konto Dworczyka. Wyciek\u0142y tajne dokumenty!\"}]},{\"@type\":\"WebSite\",\"@id\":\"https:\/\/politycznie.mojelipsko.info\/#website\",\"url\":\"https:\/\/politycznie.mojelipsko.info\/\",\"name\":\"Polityczna Polska\",\"description\":\"Nie zawsze satyrycznie\",\"potentialAction\":[{\"@type\":\"SearchAction\",\"target\":{\"@type\":\"EntryPoint\",\"urlTemplate\":\"https:\/\/politycznie.mojelipsko.info\/?s={search_term_string}\"},\"query-input\":\"required name=search_term_string\"}],\"inLanguage\":\"en-US\"},{\"@type\":\"Person\",\"@id\":\"https:\/\/politycznie.mojelipsko.info\/#\/schema\/person\/debc3fb3cdc5ac16e412761101e957ba\",\"name\":\"er.es\",\"image\":{\"@type\":\"ImageObject\",\"inLanguage\":\"en-US\",\"@id\":\"https:\/\/politycznie.mojelipsko.info\/#\/schema\/person\/image\/\",\"url\":\"https:\/\/secure.gravatar.com\/avatar\/69842baf2e49f0b3b32901718426f4d5e91371c6e24302e28bb2e977c83e5f27?s=96&d=mm&r=g\",\"contentUrl\":\"https:\/\/secure.gravatar.com\/avatar\/69842baf2e49f0b3b32901718426f4d5e91371c6e24302e28bb2e977c83e5f27?s=96&d=mm&r=g\",\"caption\":\"er.es\"},\"sameAs\":[\"https:\/\/politycznie.mojelipsko.info\"],\"url\":\"https:\/\/politycznie.mojelipsko.info\/?author=1\"}]}<\/script>\n<!-- \/ Yoast SEO plugin. -->","yoast_head_json":{"title":"W\u0142amanie na konto Dworczyka. Wyciek\u0142y tajne dokumenty! - Polityczna Polska","robots":{"index":"index","follow":"follow","max-snippet":"max-snippet:-1","max-image-preview":"max-image-preview:large","max-video-preview":"max-video-preview:-1"},"canonical":"https:\/\/politycznie.mojelipsko.info\/?p=5160","og_locale":"en_US","og_type":"article","og_title":"W\u0142amanie na konto Dworczyka. Wyciek\u0142y tajne dokumenty! - Polityczna Polska","og_description":"Agnieszka Dworczyk, \u017cona ministra Micha\u0142a Dworczyka \u00a0poinformowa\u0142a o w\u0142amaniu i zhakowaniu skrzynki mailowej szefa Kancelarii Premiera RP. &nbsp; Skrzynka mailowa mojego m\u0119\u017ca Micha\u0142a Dworczyka zosta\u0142a zhakowana, utracony dost\u0119p do konta na Facebooku. Micha\u0142 Dworczyk: Z [...]","og_url":"https:\/\/politycznie.mojelipsko.info\/?p=5160","og_site_name":"Polityczna Polska","article_published_time":"2021-06-08T19:03:53+00:00","author":"er.es","twitter_card":"summary_large_image","twitter_misc":{"Written by":"er.es","Est. reading time":"2 minutes"},"schema":{"@context":"https:\/\/schema.org","@graph":[{"@type":"WebPage","@id":"https:\/\/politycznie.mojelipsko.info\/?p=5160","url":"https:\/\/politycznie.mojelipsko.info\/?p=5160","name":"W\u0142amanie na konto Dworczyka. Wyciek\u0142y tajne dokumenty! - Polityczna Polska","isPartOf":{"@id":"https:\/\/politycznie.mojelipsko.info\/#website"},"primaryImageOfPage":{"@id":"https:\/\/politycznie.mojelipsko.info\/?p=5160#primaryimage"},"image":{"@id":"https:\/\/politycznie.mojelipsko.info\/?p=5160#primaryimage"},"thumbnailUrl":"","datePublished":"2021-06-08T19:03:53+00:00","dateModified":"2021-06-08T19:03:53+00:00","author":{"@id":"https:\/\/politycznie.mojelipsko.info\/#\/schema\/person\/debc3fb3cdc5ac16e412761101e957ba"},"breadcrumb":{"@id":"https:\/\/politycznie.mojelipsko.info\/?p=5160#breadcrumb"},"inLanguage":"en-US","potentialAction":[{"@type":"ReadAction","target":["https:\/\/politycznie.mojelipsko.info\/?p=5160"]}]},{"@type":"ImageObject","inLanguage":"en-US","@id":"https:\/\/politycznie.mojelipsko.info\/?p=5160#primaryimage","url":"","contentUrl":""},{"@type":"BreadcrumbList","@id":"https:\/\/politycznie.mojelipsko.info\/?p=5160#breadcrumb","itemListElement":[{"@type":"ListItem","position":1,"name":"Strona g\u0142\u00f3wna","item":"https:\/\/politycznie.mojelipsko.info\/"},{"@type":"ListItem","position":2,"name":"W\u0142amanie na konto Dworczyka. Wyciek\u0142y tajne dokumenty!"}]},{"@type":"WebSite","@id":"https:\/\/politycznie.mojelipsko.info\/#website","url":"https:\/\/politycznie.mojelipsko.info\/","name":"Polityczna Polska","description":"Nie zawsze satyrycznie","potentialAction":[{"@type":"SearchAction","target":{"@type":"EntryPoint","urlTemplate":"https:\/\/politycznie.mojelipsko.info\/?s={search_term_string}"},"query-input":"required name=search_term_string"}],"inLanguage":"en-US"},{"@type":"Person","@id":"https:\/\/politycznie.mojelipsko.info\/#\/schema\/person\/debc3fb3cdc5ac16e412761101e957ba","name":"er.es","image":{"@type":"ImageObject","inLanguage":"en-US","@id":"https:\/\/politycznie.mojelipsko.info\/#\/schema\/person\/image\/","url":"https:\/\/secure.gravatar.com\/avatar\/69842baf2e49f0b3b32901718426f4d5e91371c6e24302e28bb2e977c83e5f27?s=96&d=mm&r=g","contentUrl":"https:\/\/secure.gravatar.com\/avatar\/69842baf2e49f0b3b32901718426f4d5e91371c6e24302e28bb2e977c83e5f27?s=96&d=mm&r=g","caption":"er.es"},"sameAs":["https:\/\/politycznie.mojelipsko.info"],"url":"https:\/\/politycznie.mojelipsko.info\/?author=1"}]}},"_links":{"self":[{"href":"https:\/\/politycznie.mojelipsko.info\/index.php?rest_route=\/wp\/v2\/posts\/5160","targetHints":{"allow":["GET"]}}],"collection":[{"href":"https:\/\/politycznie.mojelipsko.info\/index.php?rest_route=\/wp\/v2\/posts"}],"about":[{"href":"https:\/\/politycznie.mojelipsko.info\/index.php?rest_route=\/wp\/v2\/types\/post"}],"author":[{"embeddable":true,"href":"https:\/\/politycznie.mojelipsko.info\/index.php?rest_route=\/wp\/v2\/users\/1"}],"replies":[{"embeddable":true,"href":"https:\/\/politycznie.mojelipsko.info\/index.php?rest_route=%2Fwp%2Fv2%2Fcomments&post=5160"}],"version-history":[{"count":0,"href":"https:\/\/politycznie.mojelipsko.info\/index.php?rest_route=\/wp\/v2\/posts\/5160\/revisions"}],"wp:attachment":[{"href":"https:\/\/politycznie.mojelipsko.info\/index.php?rest_route=%2Fwp%2Fv2%2Fmedia&parent=5160"}],"wp:term":[{"taxonomy":"category","embeddable":true,"href":"https:\/\/politycznie.mojelipsko.info\/index.php?rest_route=%2Fwp%2Fv2%2Fcategories&post=5160"},{"taxonomy":"post_tag","embeddable":true,"href":"https:\/\/politycznie.mojelipsko.info\/index.php?rest_route=%2Fwp%2Fv2%2Ftags&post=5160"}],"curies":[{"name":"wp","href":"https:\/\/api.w.org\/{rel}","templated":true}]}}