{"id":440,"date":"2019-11-18T20:05:18","date_gmt":"2019-11-18T19:05:18","guid":{"rendered":"http:\/\/terazpolska.waw.pl\/?p=440"},"modified":"2019-11-18T20:05:18","modified_gmt":"2019-11-18T19:05:18","slug":"przylebska-jestes-niedopuszczalna","status":"publish","type":"post","link":"https:\/\/politycznie.mojelipsko.info\/?p=440","title":{"rendered":"S\u0119dzia TK z nadania PISu: mgr Przy\u0142\u0119bska, jeste\u015b niedopuszczalna!"},"content":{"rendered":"<h3>\u201eUwa\u017cam, \u017ce Niepodleg\u0142a Polska zas\u0142uguje na Trybuna\u0142 Konstytucyjny wolny od praktyk stosowanych przez Pani\u0105 Prezes \u2014 pisze w pi\u015bmie do Przy\u0142\u0119bskiej prof. Jaros\u0142aw Wyrembak, cz\u0142onek TK<\/h3>\n<p>&nbsp;<\/p>\n<p><img loading=\"lazy\" decoding=\"async\" class=\"alignnone size-full wp-image-441\" src=\"http:\/\/terazpolska.waw.pl\/wp-content\/uploads\/2019\/11\/przylebska1.jpg\" alt=\"\" width=\"537\" height=\"760\" \/> <img loading=\"lazy\" decoding=\"async\" class=\"alignnone size-full wp-image-442\" src=\"http:\/\/terazpolska.waw.pl\/wp-content\/uploads\/2019\/11\/przylebska2.jpg\" alt=\"\" width=\"537\" height=\"760\" \/><\/p>\n<p>&nbsp;<\/p>\n","protected":false},"excerpt":{"rendered":"<div class=\"mh-excerpt\"><p>\u201eUwa\u017cam, \u017ce Niepodleg\u0142a Polska zas\u0142uguje na Trybuna\u0142 Konstytucyjny wolny od praktyk stosowanych przez Pani\u0105 Prezes \u2014 pisze w pi\u015bmie do Przy\u0142\u0119bskiej prof. Jaros\u0142aw Wyrembak, cz\u0142onek TK &nbsp; &nbsp;<\/p>\n<\/div>","protected":false},"author":1,"featured_media":443,"comment_status":"open","ping_status":"closed","sticky":false,"template":"","format":"standard","meta":{"footnotes":""},"categories":[2],"tags":[25,344,616,678,845,861,956],"class_list":["post-440","post","type-post","status-publish","format-standard","has-post-thumbnail","category-afery","tag-afera","tag-klamstwa-pis","tag-pis","tag-przylebska","tag-tk","tag-trybunal-konstytucyjny","tag-wyrebak"],"yoast_head":"<!-- This site is optimized with the Yoast SEO plugin v22.7 - https:\/\/yoast.com\/wordpress\/plugins\/seo\/ -->\n<title>S\u0119dzia TK z nadania PISu: mgr Przy\u0142\u0119bska, jeste\u015b niedopuszczalna! - Polityczna Polska<\/title>\n<meta name=\"robots\" content=\"index, follow, max-snippet:-1, max-image-preview:large, max-video-preview:-1\" \/>\n<link rel=\"canonical\" href=\"https:\/\/politycznie.mojelipsko.info\/?p=440\" \/>\n<meta property=\"og:locale\" content=\"en_US\" \/>\n<meta property=\"og:type\" content=\"article\" \/>\n<meta property=\"og:title\" content=\"S\u0119dzia TK z nadania PISu: mgr Przy\u0142\u0119bska, jeste\u015b niedopuszczalna! - Polityczna Polska\" \/>\n<meta property=\"og:description\" content=\"\u201eUwa\u017cam, \u017ce Niepodleg\u0142a Polska zas\u0142uguje na Trybuna\u0142 Konstytucyjny wolny od praktyk stosowanych przez Pani\u0105 Prezes \u2014 pisze w pi\u015bmie do Przy\u0142\u0119bskiej prof. Jaros\u0142aw Wyrembak, cz\u0142onek TK &nbsp; &nbsp;\" \/>\n<meta property=\"og:url\" content=\"https:\/\/politycznie.mojelipsko.info\/?p=440\" \/>\n<meta property=\"og:site_name\" content=\"Polityczna Polska\" \/>\n<meta property=\"article:published_time\" content=\"2019-11-18T19:05:18+00:00\" \/>\n<meta name=\"author\" content=\"er.es\" \/>\n<meta name=\"twitter:card\" content=\"summary_large_image\" \/>\n<meta name=\"twitter:label1\" content=\"Written by\" \/>\n\t<meta name=\"twitter:data1\" content=\"er.es\" \/>\n<script type=\"application\/ld+json\" class=\"yoast-schema-graph\">{\"@context\":\"https:\/\/schema.org\",\"@graph\":[{\"@type\":\"WebPage\",\"@id\":\"https:\/\/politycznie.mojelipsko.info\/?p=440\",\"url\":\"https:\/\/politycznie.mojelipsko.info\/?p=440\",\"name\":\"S\u0119dzia TK z nadania PISu: mgr Przy\u0142\u0119bska, jeste\u015b niedopuszczalna! - Polityczna Polska\",\"isPartOf\":{\"@id\":\"https:\/\/politycznie.mojelipsko.info\/#website\"},\"primaryImageOfPage\":{\"@id\":\"https:\/\/politycznie.mojelipsko.info\/?p=440#primaryimage\"},\"image\":{\"@id\":\"https:\/\/politycznie.mojelipsko.info\/?p=440#primaryimage\"},\"thumbnailUrl\":\"\",\"datePublished\":\"2019-11-18T19:05:18+00:00\",\"dateModified\":\"2019-11-18T19:05:18+00:00\",\"author\":{\"@id\":\"https:\/\/politycznie.mojelipsko.info\/#\/schema\/person\/debc3fb3cdc5ac16e412761101e957ba\"},\"breadcrumb\":{\"@id\":\"https:\/\/politycznie.mojelipsko.info\/?p=440#breadcrumb\"},\"inLanguage\":\"en-US\",\"potentialAction\":[{\"@type\":\"ReadAction\",\"target\":[\"https:\/\/politycznie.mojelipsko.info\/?p=440\"]}]},{\"@type\":\"ImageObject\",\"inLanguage\":\"en-US\",\"@id\":\"https:\/\/politycznie.mojelipsko.info\/?p=440#primaryimage\",\"url\":\"\",\"contentUrl\":\"\"},{\"@type\":\"BreadcrumbList\",\"@id\":\"https:\/\/politycznie.mojelipsko.info\/?p=440#breadcrumb\",\"itemListElement\":[{\"@type\":\"ListItem\",\"position\":1,\"name\":\"Strona g\u0142\u00f3wna\",\"item\":\"https:\/\/politycznie.mojelipsko.info\/\"},{\"@type\":\"ListItem\",\"position\":2,\"name\":\"S\u0119dzia TK z nadania PISu: mgr Przy\u0142\u0119bska, jeste\u015b niedopuszczalna!\"}]},{\"@type\":\"WebSite\",\"@id\":\"https:\/\/politycznie.mojelipsko.info\/#website\",\"url\":\"https:\/\/politycznie.mojelipsko.info\/\",\"name\":\"Polityczna Polska\",\"description\":\"Nie zawsze satyrycznie\",\"potentialAction\":[{\"@type\":\"SearchAction\",\"target\":{\"@type\":\"EntryPoint\",\"urlTemplate\":\"https:\/\/politycznie.mojelipsko.info\/?s={search_term_string}\"},\"query-input\":\"required name=search_term_string\"}],\"inLanguage\":\"en-US\"},{\"@type\":\"Person\",\"@id\":\"https:\/\/politycznie.mojelipsko.info\/#\/schema\/person\/debc3fb3cdc5ac16e412761101e957ba\",\"name\":\"er.es\",\"image\":{\"@type\":\"ImageObject\",\"inLanguage\":\"en-US\",\"@id\":\"https:\/\/politycznie.mojelipsko.info\/#\/schema\/person\/image\/\",\"url\":\"https:\/\/secure.gravatar.com\/avatar\/69842baf2e49f0b3b32901718426f4d5e91371c6e24302e28bb2e977c83e5f27?s=96&d=mm&r=g\",\"contentUrl\":\"https:\/\/secure.gravatar.com\/avatar\/69842baf2e49f0b3b32901718426f4d5e91371c6e24302e28bb2e977c83e5f27?s=96&d=mm&r=g\",\"caption\":\"er.es\"},\"sameAs\":[\"https:\/\/politycznie.mojelipsko.info\"],\"url\":\"https:\/\/politycznie.mojelipsko.info\/?author=1\"}]}<\/script>\n<!-- \/ Yoast SEO plugin. -->","yoast_head_json":{"title":"S\u0119dzia TK z nadania PISu: mgr Przy\u0142\u0119bska, jeste\u015b niedopuszczalna! - Polityczna Polska","robots":{"index":"index","follow":"follow","max-snippet":"max-snippet:-1","max-image-preview":"max-image-preview:large","max-video-preview":"max-video-preview:-1"},"canonical":"https:\/\/politycznie.mojelipsko.info\/?p=440","og_locale":"en_US","og_type":"article","og_title":"S\u0119dzia TK z nadania PISu: mgr Przy\u0142\u0119bska, jeste\u015b niedopuszczalna! - Polityczna Polska","og_description":"\u201eUwa\u017cam, \u017ce Niepodleg\u0142a Polska zas\u0142uguje na Trybuna\u0142 Konstytucyjny wolny od praktyk stosowanych przez Pani\u0105 Prezes \u2014 pisze w pi\u015bmie do Przy\u0142\u0119bskiej prof. Jaros\u0142aw Wyrembak, cz\u0142onek TK &nbsp; &nbsp;","og_url":"https:\/\/politycznie.mojelipsko.info\/?p=440","og_site_name":"Polityczna Polska","article_published_time":"2019-11-18T19:05:18+00:00","author":"er.es","twitter_card":"summary_large_image","twitter_misc":{"Written by":"er.es"},"schema":{"@context":"https:\/\/schema.org","@graph":[{"@type":"WebPage","@id":"https:\/\/politycznie.mojelipsko.info\/?p=440","url":"https:\/\/politycznie.mojelipsko.info\/?p=440","name":"S\u0119dzia TK z nadania PISu: mgr Przy\u0142\u0119bska, jeste\u015b niedopuszczalna! - Polityczna Polska","isPartOf":{"@id":"https:\/\/politycznie.mojelipsko.info\/#website"},"primaryImageOfPage":{"@id":"https:\/\/politycznie.mojelipsko.info\/?p=440#primaryimage"},"image":{"@id":"https:\/\/politycznie.mojelipsko.info\/?p=440#primaryimage"},"thumbnailUrl":"","datePublished":"2019-11-18T19:05:18+00:00","dateModified":"2019-11-18T19:05:18+00:00","author":{"@id":"https:\/\/politycznie.mojelipsko.info\/#\/schema\/person\/debc3fb3cdc5ac16e412761101e957ba"},"breadcrumb":{"@id":"https:\/\/politycznie.mojelipsko.info\/?p=440#breadcrumb"},"inLanguage":"en-US","potentialAction":[{"@type":"ReadAction","target":["https:\/\/politycznie.mojelipsko.info\/?p=440"]}]},{"@type":"ImageObject","inLanguage":"en-US","@id":"https:\/\/politycznie.mojelipsko.info\/?p=440#primaryimage","url":"","contentUrl":""},{"@type":"BreadcrumbList","@id":"https:\/\/politycznie.mojelipsko.info\/?p=440#breadcrumb","itemListElement":[{"@type":"ListItem","position":1,"name":"Strona g\u0142\u00f3wna","item":"https:\/\/politycznie.mojelipsko.info\/"},{"@type":"ListItem","position":2,"name":"S\u0119dzia TK z nadania PISu: mgr Przy\u0142\u0119bska, jeste\u015b niedopuszczalna!"}]},{"@type":"WebSite","@id":"https:\/\/politycznie.mojelipsko.info\/#website","url":"https:\/\/politycznie.mojelipsko.info\/","name":"Polityczna Polska","description":"Nie zawsze satyrycznie","potentialAction":[{"@type":"SearchAction","target":{"@type":"EntryPoint","urlTemplate":"https:\/\/politycznie.mojelipsko.info\/?s={search_term_string}"},"query-input":"required name=search_term_string"}],"inLanguage":"en-US"},{"@type":"Person","@id":"https:\/\/politycznie.mojelipsko.info\/#\/schema\/person\/debc3fb3cdc5ac16e412761101e957ba","name":"er.es","image":{"@type":"ImageObject","inLanguage":"en-US","@id":"https:\/\/politycznie.mojelipsko.info\/#\/schema\/person\/image\/","url":"https:\/\/secure.gravatar.com\/avatar\/69842baf2e49f0b3b32901718426f4d5e91371c6e24302e28bb2e977c83e5f27?s=96&d=mm&r=g","contentUrl":"https:\/\/secure.gravatar.com\/avatar\/69842baf2e49f0b3b32901718426f4d5e91371c6e24302e28bb2e977c83e5f27?s=96&d=mm&r=g","caption":"er.es"},"sameAs":["https:\/\/politycznie.mojelipsko.info"],"url":"https:\/\/politycznie.mojelipsko.info\/?author=1"}]}},"_links":{"self":[{"href":"https:\/\/politycznie.mojelipsko.info\/index.php?rest_route=\/wp\/v2\/posts\/440","targetHints":{"allow":["GET"]}}],"collection":[{"href":"https:\/\/politycznie.mojelipsko.info\/index.php?rest_route=\/wp\/v2\/posts"}],"about":[{"href":"https:\/\/politycznie.mojelipsko.info\/index.php?rest_route=\/wp\/v2\/types\/post"}],"author":[{"embeddable":true,"href":"https:\/\/politycznie.mojelipsko.info\/index.php?rest_route=\/wp\/v2\/users\/1"}],"replies":[{"embeddable":true,"href":"https:\/\/politycznie.mojelipsko.info\/index.php?rest_route=%2Fwp%2Fv2%2Fcomments&post=440"}],"version-history":[{"count":0,"href":"https:\/\/politycznie.mojelipsko.info\/index.php?rest_route=\/wp\/v2\/posts\/440\/revisions"}],"wp:attachment":[{"href":"https:\/\/politycznie.mojelipsko.info\/index.php?rest_route=%2Fwp%2Fv2%2Fmedia&parent=440"}],"wp:term":[{"taxonomy":"category","embeddable":true,"href":"https:\/\/politycznie.mojelipsko.info\/index.php?rest_route=%2Fwp%2Fv2%2Fcategories&post=440"},{"taxonomy":"post_tag","embeddable":true,"href":"https:\/\/politycznie.mojelipsko.info\/index.php?rest_route=%2Fwp%2Fv2%2Ftags&post=440"}],"curies":[{"name":"wp","href":"https:\/\/api.w.org\/{rel}","templated":true}]}}