{"id":2600,"date":"2020-09-12T16:53:42","date_gmt":"2020-09-12T14:53:42","guid":{"rendered":"https:\/\/politycznapolska.info\/?p=2600"},"modified":"2020-09-12T16:53:42","modified_gmt":"2020-09-12T14:53:42","slug":"pawlowicz-oszalala-wyrzuca-z-siebie-jakis-belkot","status":"publish","type":"post","link":"https:\/\/politycznie.mojelipsko.info\/?p=2600","title":{"rendered":"Paw\u0142owicz oszala\u0142a? Wyrzuca z siebie jaki\u015b be\u0142kot"},"content":{"rendered":"<h3>Krystyna Paw\u0142owicz, karykatura s\u0119dziego PseudoTrybuna\u0142u PseudoKonstytucyjnego za\u0107wierka\u0142a na temat nie wiadomo w sumie czego.<\/h3>\n<p>Po\u0142\u0105czy\u0142a prawa cz\u0142owieka ze zwierz\u0119tami, z rodzeniem dzieci&#8230;<\/p>\n<p>Oce\u0144cie sami&#8230;<\/p>\n<blockquote class=\"twitter-tweet\">\n<p dir=\"ltr\" lang=\"pl\">OCHRONA ZWIERZ\u0104T,a NIE ich \u201ePRAWA\u201d.<br \/>\nPRAWA ma TYLKO CZ\u0141OWIEK.<br \/>\nNIE MA \u201epraw reprodukcyjnych\u201d cz\u0142owieka.<br \/>\nREPRODUKCJA dot.TYLKO RZECZY \/np.obraz\u00f3w\/ i ZWIERZ\u0104T,kt\u00f3re mo\u017cna hodowa\u0107 i \u201eprodukowa\u0107\u201d.<br \/>\nCz\u0142owiek ma GODNO\u015a\u0106, jest niepowtarzalny i nie mo\u017cna go \u201eprodukowa\u0107\u201d czy\u201ereprodukowa\u0107\u201d.<\/p>\n<p>\u2014 Krystyna Paw\u0142owicz (@KrystPawlowicz) <a href=\"https:\/\/twitter.com\/KrystPawlowicz\/status\/1304688986624061440?ref_src=twsrc%5Etfw\">September 12, 2020<\/a><\/p><\/blockquote>\n<p><script async src=\"https:\/\/platform.twitter.com\/widgets.js\" charset=\"utf-8\"><\/script><\/p>\n<blockquote class=\"twitter-tweet\">\n<p lang=\"pl\" dir=\"ltr\">Dla jasno\u015bci:<br \/>Mia\u0142am 19 lat psa ze schroniska.Przez lata wp\u0142aca\u0142am na utrzymanie schronisk.Pomaga\u0142am psom bezdomnym.<br \/>ALE nigdy nie uwa\u017ca\u0142am,\u017ce m\u00f3j kochany pies ma \u201eprawa\u201d r\u00f3wne prawom ludzi,moim prawom.<br \/>Mia\u0142am prawne obowi\u0105zki z nim zwi\u0105zane i \u201enieobowi\u0105zkowe\u201d dla niego serce.<\/p>\n<p>&mdash; Krystyna Paw\u0142owicz (@KrystPawlowicz) <a href=\"https:\/\/twitter.com\/KrystPawlowicz\/status\/1304698319013392384?ref_src=twsrc%5Etfw\">September 12, 2020<\/a><\/p><\/blockquote>\n<p> <script async src=\"https:\/\/platform.twitter.com\/widgets.js\" charset=\"utf-8\"><\/script><\/p>\n","protected":false},"excerpt":{"rendered":"<div class=\"mh-excerpt\"><p>Krystyna Paw\u0142owicz, karykatura s\u0119dziego PseudoTrybuna\u0142u PseudoKonstytucyjnego za\u0107wierka\u0142a na temat nie wiadomo w sumie czego. Po\u0142\u0105czy\u0142a prawa cz\u0142owieka ze zwierz\u0119tami, z rodzeniem dzieci&#8230; Oce\u0144cie sami&#8230; OCHRONA ZWIERZ\u0104T,a NIE ich \u201ePRAWA\u201d. PRAWA ma TYLKO CZ\u0141OWIEK. NIE MA <a class=\"mh-excerpt-more\" href=\"https:\/\/politycznie.mojelipsko.info\/?p=2600\" title=\"Paw\u0142owicz oszala\u0142a? Wyrzuca z siebie jaki\u015b be\u0142kot\">[&#8230;]<\/a><\/p>\n<\/div>","protected":false},"author":1,"featured_media":782,"comment_status":"open","ping_status":"closed","sticky":false,"template":"","format":"standard","meta":{"footnotes":""},"categories":[3],"tags":[586,845],"class_list":["post-2600","post","type-post","status-publish","format-standard","has-post-thumbnail","category-fakty","tag-pawlowicz","tag-tk"],"yoast_head":"<!-- This site is optimized with the Yoast SEO plugin v22.7 - https:\/\/yoast.com\/wordpress\/plugins\/seo\/ -->\n<title>Paw\u0142owicz oszala\u0142a? Wyrzuca z siebie jaki\u015b be\u0142kot - Polityczna Polska<\/title>\n<meta name=\"robots\" content=\"index, follow, max-snippet:-1, max-image-preview:large, max-video-preview:-1\" \/>\n<link rel=\"canonical\" href=\"https:\/\/politycznie.mojelipsko.info\/?p=2600\" \/>\n<meta property=\"og:locale\" content=\"en_US\" \/>\n<meta property=\"og:type\" content=\"article\" \/>\n<meta property=\"og:title\" content=\"Paw\u0142owicz oszala\u0142a? Wyrzuca z siebie jaki\u015b be\u0142kot - Polityczna Polska\" \/>\n<meta property=\"og:description\" content=\"Krystyna Paw\u0142owicz, karykatura s\u0119dziego PseudoTrybuna\u0142u PseudoKonstytucyjnego za\u0107wierka\u0142a na temat nie wiadomo w sumie czego. Po\u0142\u0105czy\u0142a prawa cz\u0142owieka ze zwierz\u0119tami, z rodzeniem dzieci&#8230; Oce\u0144cie sami&#8230; OCHRONA ZWIERZ\u0104T,a NIE ich \u201ePRAWA\u201d. PRAWA ma TYLKO CZ\u0141OWIEK. NIE MA [...]\" \/>\n<meta property=\"og:url\" content=\"https:\/\/politycznie.mojelipsko.info\/?p=2600\" \/>\n<meta property=\"og:site_name\" content=\"Polityczna Polska\" \/>\n<meta property=\"article:published_time\" content=\"2020-09-12T14:53:42+00:00\" \/>\n<meta name=\"author\" content=\"er.es\" \/>\n<meta name=\"twitter:card\" content=\"summary_large_image\" \/>\n<meta name=\"twitter:label1\" content=\"Written by\" \/>\n\t<meta name=\"twitter:data1\" content=\"er.es\" \/>\n\t<meta name=\"twitter:label2\" content=\"Est. reading time\" \/>\n\t<meta name=\"twitter:data2\" content=\"1 minute\" \/>\n<script type=\"application\/ld+json\" class=\"yoast-schema-graph\">{\"@context\":\"https:\/\/schema.org\",\"@graph\":[{\"@type\":\"WebPage\",\"@id\":\"https:\/\/politycznie.mojelipsko.info\/?p=2600\",\"url\":\"https:\/\/politycznie.mojelipsko.info\/?p=2600\",\"name\":\"Paw\u0142owicz oszala\u0142a? Wyrzuca z siebie jaki\u015b be\u0142kot - Polityczna Polska\",\"isPartOf\":{\"@id\":\"https:\/\/politycznie.mojelipsko.info\/#website\"},\"primaryImageOfPage\":{\"@id\":\"https:\/\/politycznie.mojelipsko.info\/?p=2600#primaryimage\"},\"image\":{\"@id\":\"https:\/\/politycznie.mojelipsko.info\/?p=2600#primaryimage\"},\"thumbnailUrl\":\"\",\"datePublished\":\"2020-09-12T14:53:42+00:00\",\"dateModified\":\"2020-09-12T14:53:42+00:00\",\"author\":{\"@id\":\"https:\/\/politycznie.mojelipsko.info\/#\/schema\/person\/debc3fb3cdc5ac16e412761101e957ba\"},\"breadcrumb\":{\"@id\":\"https:\/\/politycznie.mojelipsko.info\/?p=2600#breadcrumb\"},\"inLanguage\":\"en-US\",\"potentialAction\":[{\"@type\":\"ReadAction\",\"target\":[\"https:\/\/politycznie.mojelipsko.info\/?p=2600\"]}]},{\"@type\":\"ImageObject\",\"inLanguage\":\"en-US\",\"@id\":\"https:\/\/politycznie.mojelipsko.info\/?p=2600#primaryimage\",\"url\":\"\",\"contentUrl\":\"\"},{\"@type\":\"BreadcrumbList\",\"@id\":\"https:\/\/politycznie.mojelipsko.info\/?p=2600#breadcrumb\",\"itemListElement\":[{\"@type\":\"ListItem\",\"position\":1,\"name\":\"Strona g\u0142\u00f3wna\",\"item\":\"https:\/\/politycznie.mojelipsko.info\/\"},{\"@type\":\"ListItem\",\"position\":2,\"name\":\"Paw\u0142owicz oszala\u0142a? Wyrzuca z siebie jaki\u015b be\u0142kot\"}]},{\"@type\":\"WebSite\",\"@id\":\"https:\/\/politycznie.mojelipsko.info\/#website\",\"url\":\"https:\/\/politycznie.mojelipsko.info\/\",\"name\":\"Polityczna Polska\",\"description\":\"Nie zawsze satyrycznie\",\"potentialAction\":[{\"@type\":\"SearchAction\",\"target\":{\"@type\":\"EntryPoint\",\"urlTemplate\":\"https:\/\/politycznie.mojelipsko.info\/?s={search_term_string}\"},\"query-input\":\"required name=search_term_string\"}],\"inLanguage\":\"en-US\"},{\"@type\":\"Person\",\"@id\":\"https:\/\/politycznie.mojelipsko.info\/#\/schema\/person\/debc3fb3cdc5ac16e412761101e957ba\",\"name\":\"er.es\",\"image\":{\"@type\":\"ImageObject\",\"inLanguage\":\"en-US\",\"@id\":\"https:\/\/politycznie.mojelipsko.info\/#\/schema\/person\/image\/\",\"url\":\"https:\/\/secure.gravatar.com\/avatar\/69842baf2e49f0b3b32901718426f4d5e91371c6e24302e28bb2e977c83e5f27?s=96&d=mm&r=g\",\"contentUrl\":\"https:\/\/secure.gravatar.com\/avatar\/69842baf2e49f0b3b32901718426f4d5e91371c6e24302e28bb2e977c83e5f27?s=96&d=mm&r=g\",\"caption\":\"er.es\"},\"sameAs\":[\"https:\/\/politycznie.mojelipsko.info\"],\"url\":\"https:\/\/politycznie.mojelipsko.info\/?author=1\"}]}<\/script>\n<!-- \/ Yoast SEO plugin. -->","yoast_head_json":{"title":"Paw\u0142owicz oszala\u0142a? Wyrzuca z siebie jaki\u015b be\u0142kot - Polityczna Polska","robots":{"index":"index","follow":"follow","max-snippet":"max-snippet:-1","max-image-preview":"max-image-preview:large","max-video-preview":"max-video-preview:-1"},"canonical":"https:\/\/politycznie.mojelipsko.info\/?p=2600","og_locale":"en_US","og_type":"article","og_title":"Paw\u0142owicz oszala\u0142a? Wyrzuca z siebie jaki\u015b be\u0142kot - Polityczna Polska","og_description":"Krystyna Paw\u0142owicz, karykatura s\u0119dziego PseudoTrybuna\u0142u PseudoKonstytucyjnego za\u0107wierka\u0142a na temat nie wiadomo w sumie czego. Po\u0142\u0105czy\u0142a prawa cz\u0142owieka ze zwierz\u0119tami, z rodzeniem dzieci&#8230; Oce\u0144cie sami&#8230; OCHRONA ZWIERZ\u0104T,a NIE ich \u201ePRAWA\u201d. PRAWA ma TYLKO CZ\u0141OWIEK. NIE MA [...]","og_url":"https:\/\/politycznie.mojelipsko.info\/?p=2600","og_site_name":"Polityczna Polska","article_published_time":"2020-09-12T14:53:42+00:00","author":"er.es","twitter_card":"summary_large_image","twitter_misc":{"Written by":"er.es","Est. reading time":"1 minute"},"schema":{"@context":"https:\/\/schema.org","@graph":[{"@type":"WebPage","@id":"https:\/\/politycznie.mojelipsko.info\/?p=2600","url":"https:\/\/politycznie.mojelipsko.info\/?p=2600","name":"Paw\u0142owicz oszala\u0142a? Wyrzuca z siebie jaki\u015b be\u0142kot - Polityczna Polska","isPartOf":{"@id":"https:\/\/politycznie.mojelipsko.info\/#website"},"primaryImageOfPage":{"@id":"https:\/\/politycznie.mojelipsko.info\/?p=2600#primaryimage"},"image":{"@id":"https:\/\/politycznie.mojelipsko.info\/?p=2600#primaryimage"},"thumbnailUrl":"","datePublished":"2020-09-12T14:53:42+00:00","dateModified":"2020-09-12T14:53:42+00:00","author":{"@id":"https:\/\/politycznie.mojelipsko.info\/#\/schema\/person\/debc3fb3cdc5ac16e412761101e957ba"},"breadcrumb":{"@id":"https:\/\/politycznie.mojelipsko.info\/?p=2600#breadcrumb"},"inLanguage":"en-US","potentialAction":[{"@type":"ReadAction","target":["https:\/\/politycznie.mojelipsko.info\/?p=2600"]}]},{"@type":"ImageObject","inLanguage":"en-US","@id":"https:\/\/politycznie.mojelipsko.info\/?p=2600#primaryimage","url":"","contentUrl":""},{"@type":"BreadcrumbList","@id":"https:\/\/politycznie.mojelipsko.info\/?p=2600#breadcrumb","itemListElement":[{"@type":"ListItem","position":1,"name":"Strona g\u0142\u00f3wna","item":"https:\/\/politycznie.mojelipsko.info\/"},{"@type":"ListItem","position":2,"name":"Paw\u0142owicz oszala\u0142a? Wyrzuca z siebie jaki\u015b be\u0142kot"}]},{"@type":"WebSite","@id":"https:\/\/politycznie.mojelipsko.info\/#website","url":"https:\/\/politycznie.mojelipsko.info\/","name":"Polityczna Polska","description":"Nie zawsze satyrycznie","potentialAction":[{"@type":"SearchAction","target":{"@type":"EntryPoint","urlTemplate":"https:\/\/politycznie.mojelipsko.info\/?s={search_term_string}"},"query-input":"required name=search_term_string"}],"inLanguage":"en-US"},{"@type":"Person","@id":"https:\/\/politycznie.mojelipsko.info\/#\/schema\/person\/debc3fb3cdc5ac16e412761101e957ba","name":"er.es","image":{"@type":"ImageObject","inLanguage":"en-US","@id":"https:\/\/politycznie.mojelipsko.info\/#\/schema\/person\/image\/","url":"https:\/\/secure.gravatar.com\/avatar\/69842baf2e49f0b3b32901718426f4d5e91371c6e24302e28bb2e977c83e5f27?s=96&d=mm&r=g","contentUrl":"https:\/\/secure.gravatar.com\/avatar\/69842baf2e49f0b3b32901718426f4d5e91371c6e24302e28bb2e977c83e5f27?s=96&d=mm&r=g","caption":"er.es"},"sameAs":["https:\/\/politycznie.mojelipsko.info"],"url":"https:\/\/politycznie.mojelipsko.info\/?author=1"}]}},"_links":{"self":[{"href":"https:\/\/politycznie.mojelipsko.info\/index.php?rest_route=\/wp\/v2\/posts\/2600","targetHints":{"allow":["GET"]}}],"collection":[{"href":"https:\/\/politycznie.mojelipsko.info\/index.php?rest_route=\/wp\/v2\/posts"}],"about":[{"href":"https:\/\/politycznie.mojelipsko.info\/index.php?rest_route=\/wp\/v2\/types\/post"}],"author":[{"embeddable":true,"href":"https:\/\/politycznie.mojelipsko.info\/index.php?rest_route=\/wp\/v2\/users\/1"}],"replies":[{"embeddable":true,"href":"https:\/\/politycznie.mojelipsko.info\/index.php?rest_route=%2Fwp%2Fv2%2Fcomments&post=2600"}],"version-history":[{"count":0,"href":"https:\/\/politycznie.mojelipsko.info\/index.php?rest_route=\/wp\/v2\/posts\/2600\/revisions"}],"wp:attachment":[{"href":"https:\/\/politycznie.mojelipsko.info\/index.php?rest_route=%2Fwp%2Fv2%2Fmedia&parent=2600"}],"wp:term":[{"taxonomy":"category","embeddable":true,"href":"https:\/\/politycznie.mojelipsko.info\/index.php?rest_route=%2Fwp%2Fv2%2Fcategories&post=2600"},{"taxonomy":"post_tag","embeddable":true,"href":"https:\/\/politycznie.mojelipsko.info\/index.php?rest_route=%2Fwp%2Fv2%2Ftags&post=2600"}],"curies":[{"name":"wp","href":"https:\/\/api.w.org\/{rel}","templated":true}]}}