{"id":1874,"date":"2020-05-14T23:14:16","date_gmt":"2020-05-14T21:14:16","guid":{"rendered":"https:\/\/politycznapolska.info\/?p=1874"},"modified":"2020-05-14T23:14:16","modified_gmt":"2020-05-14T21:14:16","slug":"kaczynski-caluje-sikorskiego-w-reke-przepowiednia","status":"publish","type":"post","link":"https:\/\/politycznie.mojelipsko.info\/?p=1874","title":{"rendered":"Kaczy\u0144ski ca\u0142uje Sikorskiego w r\u0119k\u0119! Przepowiednia?"},"content":{"rendered":"<h3>Wydawa\u0142o by si\u0119 niemo\u017cliwe? A jednak! Kaczy\u0144ski z pe\u0142nym przepychem chcia\u0142 uca\u0142owa\u0107 \u015bwi\u0119te r\u0119ce Radka Sikorskiego.<\/h3>\n<p>My\u015bla\u0142, \u017ce to kobieta? \u017be tak z rozp\u0119du?<\/p>\n<p>Sytuacja mia\u0142a miejsce w 2007 roku podczas spotkania Rady Ministr\u00f3w.<\/p>\n<p>Zobaczcie sami!<\/p>\n<p>&nbsp;<\/p>\n<p><iframe loading=\"lazy\" title=\"WAWEL?! mo\u017ce Wersal? WITAJ! Ca\u0142uj\u0119 r\u0105czki! Radek, niedobry TY- Kaczy\u0144ski - KISS me kr\u00f3lu IV RP\" width=\"500\" height=\"375\" src=\"https:\/\/www.youtube.com\/embed\/1Wm2BAKF-gM?feature=oembed\" frameborder=\"0\" allow=\"accelerometer; autoplay; clipboard-write; encrypted-media; gyroscope; picture-in-picture; web-share\" referrerpolicy=\"strict-origin-when-cross-origin\" allowfullscreen><\/iframe><\/p>\n","protected":false},"excerpt":{"rendered":"<div class=\"mh-excerpt\"><p>Wydawa\u0142o by si\u0119 niemo\u017cliwe? A jednak! Kaczy\u0144ski z pe\u0142nym przepychem chcia\u0142 uca\u0142owa\u0107 \u015bwi\u0119te r\u0119ce Radka Sikorskiego. My\u015bla\u0142, \u017ce to kobieta? \u017be tak z rozp\u0119du? Sytuacja mia\u0142a miejsce w 2007 roku podczas spotkania Rady Ministr\u00f3w. Zobaczcie <a class=\"mh-excerpt-more\" href=\"https:\/\/politycznie.mojelipsko.info\/?p=1874\" title=\"Kaczy\u0144ski ca\u0142uje Sikorskiego w r\u0119k\u0119! Przepowiednia?\">[&#8230;]<\/a><\/p>\n<\/div>","protected":false},"author":1,"featured_media":1876,"comment_status":"open","ping_status":"closed","sticky":false,"template":"","format":"standard","meta":{"footnotes":""},"categories":[3],"tags":[315,761],"class_list":["post-1874","post","type-post","status-publish","format-standard","has-post-thumbnail","category-fakty","tag-kaczynski","tag-sikorski"],"yoast_head":"<!-- This site is optimized with the Yoast SEO plugin v22.7 - https:\/\/yoast.com\/wordpress\/plugins\/seo\/ -->\n<title>Kaczy\u0144ski ca\u0142uje Sikorskiego w r\u0119k\u0119! Przepowiednia? - Polityczna Polska<\/title>\n<meta name=\"robots\" content=\"index, follow, max-snippet:-1, max-image-preview:large, max-video-preview:-1\" \/>\n<link rel=\"canonical\" href=\"https:\/\/politycznie.mojelipsko.info\/?p=1874\" \/>\n<meta property=\"og:locale\" content=\"en_US\" \/>\n<meta property=\"og:type\" content=\"article\" \/>\n<meta property=\"og:title\" content=\"Kaczy\u0144ski ca\u0142uje Sikorskiego w r\u0119k\u0119! Przepowiednia? - Polityczna Polska\" \/>\n<meta property=\"og:description\" content=\"Wydawa\u0142o by si\u0119 niemo\u017cliwe? A jednak! Kaczy\u0144ski z pe\u0142nym przepychem chcia\u0142 uca\u0142owa\u0107 \u015bwi\u0119te r\u0119ce Radka Sikorskiego. My\u015bla\u0142, \u017ce to kobieta? \u017be tak z rozp\u0119du? Sytuacja mia\u0142a miejsce w 2007 roku podczas spotkania Rady Ministr\u00f3w. Zobaczcie [...]\" \/>\n<meta property=\"og:url\" content=\"https:\/\/politycznie.mojelipsko.info\/?p=1874\" \/>\n<meta property=\"og:site_name\" content=\"Polityczna Polska\" \/>\n<meta property=\"article:published_time\" content=\"2020-05-14T21:14:16+00:00\" \/>\n<meta name=\"author\" content=\"er.es\" \/>\n<meta name=\"twitter:card\" content=\"summary_large_image\" \/>\n<meta name=\"twitter:label1\" content=\"Written by\" \/>\n\t<meta name=\"twitter:data1\" content=\"er.es\" \/>\n<script type=\"application\/ld+json\" class=\"yoast-schema-graph\">{\"@context\":\"https:\/\/schema.org\",\"@graph\":[{\"@type\":\"WebPage\",\"@id\":\"https:\/\/politycznie.mojelipsko.info\/?p=1874\",\"url\":\"https:\/\/politycznie.mojelipsko.info\/?p=1874\",\"name\":\"Kaczy\u0144ski ca\u0142uje Sikorskiego w r\u0119k\u0119! Przepowiednia? - Polityczna Polska\",\"isPartOf\":{\"@id\":\"https:\/\/politycznie.mojelipsko.info\/#website\"},\"primaryImageOfPage\":{\"@id\":\"https:\/\/politycznie.mojelipsko.info\/?p=1874#primaryimage\"},\"image\":{\"@id\":\"https:\/\/politycznie.mojelipsko.info\/?p=1874#primaryimage\"},\"thumbnailUrl\":\"\",\"datePublished\":\"2020-05-14T21:14:16+00:00\",\"dateModified\":\"2020-05-14T21:14:16+00:00\",\"author\":{\"@id\":\"https:\/\/politycznie.mojelipsko.info\/#\/schema\/person\/debc3fb3cdc5ac16e412761101e957ba\"},\"breadcrumb\":{\"@id\":\"https:\/\/politycznie.mojelipsko.info\/?p=1874#breadcrumb\"},\"inLanguage\":\"en-US\",\"potentialAction\":[{\"@type\":\"ReadAction\",\"target\":[\"https:\/\/politycznie.mojelipsko.info\/?p=1874\"]}]},{\"@type\":\"ImageObject\",\"inLanguage\":\"en-US\",\"@id\":\"https:\/\/politycznie.mojelipsko.info\/?p=1874#primaryimage\",\"url\":\"\",\"contentUrl\":\"\"},{\"@type\":\"BreadcrumbList\",\"@id\":\"https:\/\/politycznie.mojelipsko.info\/?p=1874#breadcrumb\",\"itemListElement\":[{\"@type\":\"ListItem\",\"position\":1,\"name\":\"Strona g\u0142\u00f3wna\",\"item\":\"https:\/\/politycznie.mojelipsko.info\/\"},{\"@type\":\"ListItem\",\"position\":2,\"name\":\"Kaczy\u0144ski ca\u0142uje Sikorskiego w r\u0119k\u0119! Przepowiednia?\"}]},{\"@type\":\"WebSite\",\"@id\":\"https:\/\/politycznie.mojelipsko.info\/#website\",\"url\":\"https:\/\/politycznie.mojelipsko.info\/\",\"name\":\"Polityczna Polska\",\"description\":\"Nie zawsze satyrycznie\",\"potentialAction\":[{\"@type\":\"SearchAction\",\"target\":{\"@type\":\"EntryPoint\",\"urlTemplate\":\"https:\/\/politycznie.mojelipsko.info\/?s={search_term_string}\"},\"query-input\":\"required name=search_term_string\"}],\"inLanguage\":\"en-US\"},{\"@type\":\"Person\",\"@id\":\"https:\/\/politycznie.mojelipsko.info\/#\/schema\/person\/debc3fb3cdc5ac16e412761101e957ba\",\"name\":\"er.es\",\"image\":{\"@type\":\"ImageObject\",\"inLanguage\":\"en-US\",\"@id\":\"https:\/\/politycznie.mojelipsko.info\/#\/schema\/person\/image\/\",\"url\":\"https:\/\/secure.gravatar.com\/avatar\/69842baf2e49f0b3b32901718426f4d5e91371c6e24302e28bb2e977c83e5f27?s=96&d=mm&r=g\",\"contentUrl\":\"https:\/\/secure.gravatar.com\/avatar\/69842baf2e49f0b3b32901718426f4d5e91371c6e24302e28bb2e977c83e5f27?s=96&d=mm&r=g\",\"caption\":\"er.es\"},\"sameAs\":[\"https:\/\/politycznie.mojelipsko.info\"],\"url\":\"https:\/\/politycznie.mojelipsko.info\/?author=1\"}]}<\/script>\n<!-- \/ Yoast SEO plugin. -->","yoast_head_json":{"title":"Kaczy\u0144ski ca\u0142uje Sikorskiego w r\u0119k\u0119! Przepowiednia? - Polityczna Polska","robots":{"index":"index","follow":"follow","max-snippet":"max-snippet:-1","max-image-preview":"max-image-preview:large","max-video-preview":"max-video-preview:-1"},"canonical":"https:\/\/politycznie.mojelipsko.info\/?p=1874","og_locale":"en_US","og_type":"article","og_title":"Kaczy\u0144ski ca\u0142uje Sikorskiego w r\u0119k\u0119! Przepowiednia? - Polityczna Polska","og_description":"Wydawa\u0142o by si\u0119 niemo\u017cliwe? A jednak! Kaczy\u0144ski z pe\u0142nym przepychem chcia\u0142 uca\u0142owa\u0107 \u015bwi\u0119te r\u0119ce Radka Sikorskiego. My\u015bla\u0142, \u017ce to kobieta? \u017be tak z rozp\u0119du? Sytuacja mia\u0142a miejsce w 2007 roku podczas spotkania Rady Ministr\u00f3w. Zobaczcie [...]","og_url":"https:\/\/politycznie.mojelipsko.info\/?p=1874","og_site_name":"Polityczna Polska","article_published_time":"2020-05-14T21:14:16+00:00","author":"er.es","twitter_card":"summary_large_image","twitter_misc":{"Written by":"er.es"},"schema":{"@context":"https:\/\/schema.org","@graph":[{"@type":"WebPage","@id":"https:\/\/politycznie.mojelipsko.info\/?p=1874","url":"https:\/\/politycznie.mojelipsko.info\/?p=1874","name":"Kaczy\u0144ski ca\u0142uje Sikorskiego w r\u0119k\u0119! Przepowiednia? - Polityczna Polska","isPartOf":{"@id":"https:\/\/politycznie.mojelipsko.info\/#website"},"primaryImageOfPage":{"@id":"https:\/\/politycznie.mojelipsko.info\/?p=1874#primaryimage"},"image":{"@id":"https:\/\/politycznie.mojelipsko.info\/?p=1874#primaryimage"},"thumbnailUrl":"","datePublished":"2020-05-14T21:14:16+00:00","dateModified":"2020-05-14T21:14:16+00:00","author":{"@id":"https:\/\/politycznie.mojelipsko.info\/#\/schema\/person\/debc3fb3cdc5ac16e412761101e957ba"},"breadcrumb":{"@id":"https:\/\/politycznie.mojelipsko.info\/?p=1874#breadcrumb"},"inLanguage":"en-US","potentialAction":[{"@type":"ReadAction","target":["https:\/\/politycznie.mojelipsko.info\/?p=1874"]}]},{"@type":"ImageObject","inLanguage":"en-US","@id":"https:\/\/politycznie.mojelipsko.info\/?p=1874#primaryimage","url":"","contentUrl":""},{"@type":"BreadcrumbList","@id":"https:\/\/politycznie.mojelipsko.info\/?p=1874#breadcrumb","itemListElement":[{"@type":"ListItem","position":1,"name":"Strona g\u0142\u00f3wna","item":"https:\/\/politycznie.mojelipsko.info\/"},{"@type":"ListItem","position":2,"name":"Kaczy\u0144ski ca\u0142uje Sikorskiego w r\u0119k\u0119! Przepowiednia?"}]},{"@type":"WebSite","@id":"https:\/\/politycznie.mojelipsko.info\/#website","url":"https:\/\/politycznie.mojelipsko.info\/","name":"Polityczna Polska","description":"Nie zawsze satyrycznie","potentialAction":[{"@type":"SearchAction","target":{"@type":"EntryPoint","urlTemplate":"https:\/\/politycznie.mojelipsko.info\/?s={search_term_string}"},"query-input":"required name=search_term_string"}],"inLanguage":"en-US"},{"@type":"Person","@id":"https:\/\/politycznie.mojelipsko.info\/#\/schema\/person\/debc3fb3cdc5ac16e412761101e957ba","name":"er.es","image":{"@type":"ImageObject","inLanguage":"en-US","@id":"https:\/\/politycznie.mojelipsko.info\/#\/schema\/person\/image\/","url":"https:\/\/secure.gravatar.com\/avatar\/69842baf2e49f0b3b32901718426f4d5e91371c6e24302e28bb2e977c83e5f27?s=96&d=mm&r=g","contentUrl":"https:\/\/secure.gravatar.com\/avatar\/69842baf2e49f0b3b32901718426f4d5e91371c6e24302e28bb2e977c83e5f27?s=96&d=mm&r=g","caption":"er.es"},"sameAs":["https:\/\/politycznie.mojelipsko.info"],"url":"https:\/\/politycznie.mojelipsko.info\/?author=1"}]}},"_links":{"self":[{"href":"https:\/\/politycznie.mojelipsko.info\/index.php?rest_route=\/wp\/v2\/posts\/1874","targetHints":{"allow":["GET"]}}],"collection":[{"href":"https:\/\/politycznie.mojelipsko.info\/index.php?rest_route=\/wp\/v2\/posts"}],"about":[{"href":"https:\/\/politycznie.mojelipsko.info\/index.php?rest_route=\/wp\/v2\/types\/post"}],"author":[{"embeddable":true,"href":"https:\/\/politycznie.mojelipsko.info\/index.php?rest_route=\/wp\/v2\/users\/1"}],"replies":[{"embeddable":true,"href":"https:\/\/politycznie.mojelipsko.info\/index.php?rest_route=%2Fwp%2Fv2%2Fcomments&post=1874"}],"version-history":[{"count":0,"href":"https:\/\/politycznie.mojelipsko.info\/index.php?rest_route=\/wp\/v2\/posts\/1874\/revisions"}],"wp:attachment":[{"href":"https:\/\/politycznie.mojelipsko.info\/index.php?rest_route=%2Fwp%2Fv2%2Fmedia&parent=1874"}],"wp:term":[{"taxonomy":"category","embeddable":true,"href":"https:\/\/politycznie.mojelipsko.info\/index.php?rest_route=%2Fwp%2Fv2%2Fcategories&post=1874"},{"taxonomy":"post_tag","embeddable":true,"href":"https:\/\/politycznie.mojelipsko.info\/index.php?rest_route=%2Fwp%2Fv2%2Ftags&post=1874"}],"curies":[{"name":"wp","href":"https:\/\/api.w.org\/{rel}","templated":true}]}}