{"id":1701,"date":"2020-04-28T20:28:00","date_gmt":"2020-04-28T18:28:00","guid":{"rendered":"https:\/\/politycznapolska.info\/?p=1701"},"modified":"2020-04-28T20:28:00","modified_gmt":"2020-04-28T18:28:00","slug":"bigniew-gryglas-dostal-misje-rozbicia-porozumienia-jaroslawa-gowina","status":"publish","type":"post","link":"https:\/\/politycznie.mojelipsko.info\/?p=1701","title":{"rendered":"Zbigniew Gryglas dosta\u0142 misj\u0119 rozbicia Porozumienia Jaros\u0142awa Gowina"},"content":{"rendered":"<h3>&#8220;Nieoficjalnie. Misj\u0119 rozbijania partyjnych struktur Porozumienia powierzono Zbigniewowi Gryglasowi. Wiceminister aktyw\u00f3w pa\u0144stwowych zbiera CV od dzia\u0142aczy partii\u00a0Jaros\u0142awa Gowina\u00a0i\u00a0nak\u0142ania ich do\u00a0przej\u015bcia do\u00a0PiS-u\u201d \u2013\u00a0napisa\u0142 reporter Polsat News Rafa\u0142 Mi\u017cejewski na\u00a0Twitterze.<\/h3>\n<p>Wed\u0142ug nieoficjalnych informacji Polsat News jeden z wiceministr\u00f3w ma szuka\u0107 os\u00f3b w partii Jaros\u0142awa Gowina, kt\u00f3re przejd\u0105 do PiS, kiedy ich frakcja zdecyduje si\u0119 wsp\u00f3\u0142pracowa\u0107 z opozycj\u0105. Mowa o\u00a0Zbigniewie Gryglasie, by\u0142ym po\u015ble Nowoczesnej, kt\u00f3ry potem przeszed\u0142 do Porozumienia i zosta\u0142 cz\u0142onkiem klubu parlamentarnego Prawa i Sprawiedliwo\u015bci. Gryglas nie dosta\u0142 si\u0119 do Sejmu w jesiennych wyborach. W nagrod\u0119 zosta\u0142 wiceministrem u Sasina.<\/p>\n<blockquote><p>To s\u0105 insynuacje, to s\u0105 plotki. Tu nie chodzi, by kogokolwiek, czymkolwiek przekupywa\u0107. My w ten spos\u00f3b nie dzia\u0142amy. Rzeczywi\u015bcie to jest tryb dzia\u0142ania naszych poprzednik\u00f3w<\/p><\/blockquote>\n<p>\u2013 powiedzia\u0142 Jacek Sasin w \u201eSalonie politycznym\u201d Tr\u00f3jki.<\/p>\n<blockquote><p>\u2013\u00a0Od\u00a0d\u0142u\u017cszego czasu trwa pr\u00f3ba wyrywania pos\u0142\u00f3w opozycji, pr\u00f3ba korupcji politycznej. Wzywam Jaros\u0142awa Kaczy\u0144skiego do\u00a0zaprzestania wysy\u0142ania emisariuszy, kt\u00f3rzy sk\u0142adaj\u0105 niegodne propozycje parlamentarzystom opozycji<\/p><\/blockquote>\n<p>\u2013\u00a0powiedzia\u0142 Borys Budka.<\/p>\n<blockquote><p>Gryglas zdradzi ka\u017cdego. Proponowa\u0142 Nowogrodzkiej, \u017ce przeci\u0105gnie pos\u0142\u00f3w od Gowina na stron\u0119 PiS w sprawie wybor\u00f3w i utrzymania koalicji<\/p><\/blockquote>\n<p>&#8211; m\u00f3wi portalowi Oko.press rozm\u00f3wca z Prawa i Sprawiedliwo\u015bci.<\/p>\n","protected":false},"excerpt":{"rendered":"<div class=\"mh-excerpt\"><p>&#8220;Nieoficjalnie. Misj\u0119 rozbijania partyjnych struktur Porozumienia powierzono Zbigniewowi Gryglasowi. Wiceminister aktyw\u00f3w pa\u0144stwowych zbiera CV od dzia\u0142aczy partii\u00a0Jaros\u0142awa Gowina\u00a0i\u00a0nak\u0142ania ich do\u00a0przej\u015bcia do\u00a0PiS-u\u201d \u2013\u00a0napisa\u0142 reporter Polsat News Rafa\u0142 Mi\u017cejewski na\u00a0Twitterze. Wed\u0142ug nieoficjalnych informacji Polsat News jeden z <a class=\"mh-excerpt-more\" href=\"https:\/\/politycznie.mojelipsko.info\/?p=1701\" title=\"Zbigniew Gryglas dosta\u0142 misj\u0119 rozbicia Porozumienia Jaros\u0142awa Gowina\">[&#8230;]<\/a><\/p>\n<\/div>","protected":false},"author":1,"featured_media":1702,"comment_status":"open","ping_status":"closed","sticky":false,"template":"","format":"standard","meta":{"footnotes":""},"categories":[3],"tags":[225,948],"class_list":["post-1701","post","type-post","status-publish","format-standard","has-post-thumbnail","category-fakty","tag-gryglas","tag-wybory-2020"],"yoast_head":"<!-- This site is optimized with the Yoast SEO plugin v22.7 - https:\/\/yoast.com\/wordpress\/plugins\/seo\/ -->\n<title>Zbigniew Gryglas dosta\u0142 misj\u0119 rozbicia Porozumienia Jaros\u0142awa Gowina - Polityczna Polska<\/title>\n<meta name=\"robots\" content=\"index, follow, max-snippet:-1, max-image-preview:large, max-video-preview:-1\" \/>\n<link rel=\"canonical\" href=\"https:\/\/politycznie.mojelipsko.info\/?p=1701\" \/>\n<meta property=\"og:locale\" content=\"en_US\" \/>\n<meta property=\"og:type\" content=\"article\" \/>\n<meta property=\"og:title\" content=\"Zbigniew Gryglas dosta\u0142 misj\u0119 rozbicia Porozumienia Jaros\u0142awa Gowina - Polityczna Polska\" \/>\n<meta property=\"og:description\" content=\"&#8220;Nieoficjalnie. Misj\u0119 rozbijania partyjnych struktur Porozumienia powierzono Zbigniewowi Gryglasowi. Wiceminister aktyw\u00f3w pa\u0144stwowych zbiera CV od dzia\u0142aczy partii\u00a0Jaros\u0142awa Gowina\u00a0i\u00a0nak\u0142ania ich do\u00a0przej\u015bcia do\u00a0PiS-u\u201d \u2013\u00a0napisa\u0142 reporter Polsat News Rafa\u0142 Mi\u017cejewski na\u00a0Twitterze. Wed\u0142ug nieoficjalnych informacji Polsat News jeden z [...]\" \/>\n<meta property=\"og:url\" content=\"https:\/\/politycznie.mojelipsko.info\/?p=1701\" \/>\n<meta property=\"og:site_name\" content=\"Polityczna Polska\" \/>\n<meta property=\"article:published_time\" content=\"2020-04-28T18:28:00+00:00\" \/>\n<meta name=\"author\" content=\"er.es\" \/>\n<meta name=\"twitter:card\" content=\"summary_large_image\" \/>\n<meta name=\"twitter:label1\" content=\"Written by\" \/>\n\t<meta name=\"twitter:data1\" content=\"er.es\" \/>\n\t<meta name=\"twitter:label2\" content=\"Est. reading time\" \/>\n\t<meta name=\"twitter:data2\" content=\"1 minute\" \/>\n<script type=\"application\/ld+json\" class=\"yoast-schema-graph\">{\"@context\":\"https:\/\/schema.org\",\"@graph\":[{\"@type\":\"WebPage\",\"@id\":\"https:\/\/politycznie.mojelipsko.info\/?p=1701\",\"url\":\"https:\/\/politycznie.mojelipsko.info\/?p=1701\",\"name\":\"Zbigniew Gryglas dosta\u0142 misj\u0119 rozbicia Porozumienia Jaros\u0142awa Gowina - Polityczna Polska\",\"isPartOf\":{\"@id\":\"https:\/\/politycznie.mojelipsko.info\/#website\"},\"primaryImageOfPage\":{\"@id\":\"https:\/\/politycznie.mojelipsko.info\/?p=1701#primaryimage\"},\"image\":{\"@id\":\"https:\/\/politycznie.mojelipsko.info\/?p=1701#primaryimage\"},\"thumbnailUrl\":\"\",\"datePublished\":\"2020-04-28T18:28:00+00:00\",\"dateModified\":\"2020-04-28T18:28:00+00:00\",\"author\":{\"@id\":\"https:\/\/politycznie.mojelipsko.info\/#\/schema\/person\/debc3fb3cdc5ac16e412761101e957ba\"},\"breadcrumb\":{\"@id\":\"https:\/\/politycznie.mojelipsko.info\/?p=1701#breadcrumb\"},\"inLanguage\":\"en-US\",\"potentialAction\":[{\"@type\":\"ReadAction\",\"target\":[\"https:\/\/politycznie.mojelipsko.info\/?p=1701\"]}]},{\"@type\":\"ImageObject\",\"inLanguage\":\"en-US\",\"@id\":\"https:\/\/politycznie.mojelipsko.info\/?p=1701#primaryimage\",\"url\":\"\",\"contentUrl\":\"\"},{\"@type\":\"BreadcrumbList\",\"@id\":\"https:\/\/politycznie.mojelipsko.info\/?p=1701#breadcrumb\",\"itemListElement\":[{\"@type\":\"ListItem\",\"position\":1,\"name\":\"Strona g\u0142\u00f3wna\",\"item\":\"https:\/\/politycznie.mojelipsko.info\/\"},{\"@type\":\"ListItem\",\"position\":2,\"name\":\"Zbigniew Gryglas dosta\u0142 misj\u0119 rozbicia Porozumienia Jaros\u0142awa Gowina\"}]},{\"@type\":\"WebSite\",\"@id\":\"https:\/\/politycznie.mojelipsko.info\/#website\",\"url\":\"https:\/\/politycznie.mojelipsko.info\/\",\"name\":\"Polityczna Polska\",\"description\":\"Nie zawsze satyrycznie\",\"potentialAction\":[{\"@type\":\"SearchAction\",\"target\":{\"@type\":\"EntryPoint\",\"urlTemplate\":\"https:\/\/politycznie.mojelipsko.info\/?s={search_term_string}\"},\"query-input\":\"required name=search_term_string\"}],\"inLanguage\":\"en-US\"},{\"@type\":\"Person\",\"@id\":\"https:\/\/politycznie.mojelipsko.info\/#\/schema\/person\/debc3fb3cdc5ac16e412761101e957ba\",\"name\":\"er.es\",\"image\":{\"@type\":\"ImageObject\",\"inLanguage\":\"en-US\",\"@id\":\"https:\/\/politycznie.mojelipsko.info\/#\/schema\/person\/image\/\",\"url\":\"https:\/\/secure.gravatar.com\/avatar\/69842baf2e49f0b3b32901718426f4d5e91371c6e24302e28bb2e977c83e5f27?s=96&d=mm&r=g\",\"contentUrl\":\"https:\/\/secure.gravatar.com\/avatar\/69842baf2e49f0b3b32901718426f4d5e91371c6e24302e28bb2e977c83e5f27?s=96&d=mm&r=g\",\"caption\":\"er.es\"},\"sameAs\":[\"https:\/\/politycznie.mojelipsko.info\"],\"url\":\"https:\/\/politycznie.mojelipsko.info\/?author=1\"}]}<\/script>\n<!-- \/ Yoast SEO plugin. -->","yoast_head_json":{"title":"Zbigniew Gryglas dosta\u0142 misj\u0119 rozbicia Porozumienia Jaros\u0142awa Gowina - Polityczna Polska","robots":{"index":"index","follow":"follow","max-snippet":"max-snippet:-1","max-image-preview":"max-image-preview:large","max-video-preview":"max-video-preview:-1"},"canonical":"https:\/\/politycznie.mojelipsko.info\/?p=1701","og_locale":"en_US","og_type":"article","og_title":"Zbigniew Gryglas dosta\u0142 misj\u0119 rozbicia Porozumienia Jaros\u0142awa Gowina - Polityczna Polska","og_description":"&#8220;Nieoficjalnie. Misj\u0119 rozbijania partyjnych struktur Porozumienia powierzono Zbigniewowi Gryglasowi. Wiceminister aktyw\u00f3w pa\u0144stwowych zbiera CV od dzia\u0142aczy partii\u00a0Jaros\u0142awa Gowina\u00a0i\u00a0nak\u0142ania ich do\u00a0przej\u015bcia do\u00a0PiS-u\u201d \u2013\u00a0napisa\u0142 reporter Polsat News Rafa\u0142 Mi\u017cejewski na\u00a0Twitterze. Wed\u0142ug nieoficjalnych informacji Polsat News jeden z [...]","og_url":"https:\/\/politycznie.mojelipsko.info\/?p=1701","og_site_name":"Polityczna Polska","article_published_time":"2020-04-28T18:28:00+00:00","author":"er.es","twitter_card":"summary_large_image","twitter_misc":{"Written by":"er.es","Est. reading time":"1 minute"},"schema":{"@context":"https:\/\/schema.org","@graph":[{"@type":"WebPage","@id":"https:\/\/politycznie.mojelipsko.info\/?p=1701","url":"https:\/\/politycznie.mojelipsko.info\/?p=1701","name":"Zbigniew Gryglas dosta\u0142 misj\u0119 rozbicia Porozumienia Jaros\u0142awa Gowina - Polityczna Polska","isPartOf":{"@id":"https:\/\/politycznie.mojelipsko.info\/#website"},"primaryImageOfPage":{"@id":"https:\/\/politycznie.mojelipsko.info\/?p=1701#primaryimage"},"image":{"@id":"https:\/\/politycznie.mojelipsko.info\/?p=1701#primaryimage"},"thumbnailUrl":"","datePublished":"2020-04-28T18:28:00+00:00","dateModified":"2020-04-28T18:28:00+00:00","author":{"@id":"https:\/\/politycznie.mojelipsko.info\/#\/schema\/person\/debc3fb3cdc5ac16e412761101e957ba"},"breadcrumb":{"@id":"https:\/\/politycznie.mojelipsko.info\/?p=1701#breadcrumb"},"inLanguage":"en-US","potentialAction":[{"@type":"ReadAction","target":["https:\/\/politycznie.mojelipsko.info\/?p=1701"]}]},{"@type":"ImageObject","inLanguage":"en-US","@id":"https:\/\/politycznie.mojelipsko.info\/?p=1701#primaryimage","url":"","contentUrl":""},{"@type":"BreadcrumbList","@id":"https:\/\/politycznie.mojelipsko.info\/?p=1701#breadcrumb","itemListElement":[{"@type":"ListItem","position":1,"name":"Strona g\u0142\u00f3wna","item":"https:\/\/politycznie.mojelipsko.info\/"},{"@type":"ListItem","position":2,"name":"Zbigniew Gryglas dosta\u0142 misj\u0119 rozbicia Porozumienia Jaros\u0142awa Gowina"}]},{"@type":"WebSite","@id":"https:\/\/politycznie.mojelipsko.info\/#website","url":"https:\/\/politycznie.mojelipsko.info\/","name":"Polityczna Polska","description":"Nie zawsze satyrycznie","potentialAction":[{"@type":"SearchAction","target":{"@type":"EntryPoint","urlTemplate":"https:\/\/politycznie.mojelipsko.info\/?s={search_term_string}"},"query-input":"required name=search_term_string"}],"inLanguage":"en-US"},{"@type":"Person","@id":"https:\/\/politycznie.mojelipsko.info\/#\/schema\/person\/debc3fb3cdc5ac16e412761101e957ba","name":"er.es","image":{"@type":"ImageObject","inLanguage":"en-US","@id":"https:\/\/politycznie.mojelipsko.info\/#\/schema\/person\/image\/","url":"https:\/\/secure.gravatar.com\/avatar\/69842baf2e49f0b3b32901718426f4d5e91371c6e24302e28bb2e977c83e5f27?s=96&d=mm&r=g","contentUrl":"https:\/\/secure.gravatar.com\/avatar\/69842baf2e49f0b3b32901718426f4d5e91371c6e24302e28bb2e977c83e5f27?s=96&d=mm&r=g","caption":"er.es"},"sameAs":["https:\/\/politycznie.mojelipsko.info"],"url":"https:\/\/politycznie.mojelipsko.info\/?author=1"}]}},"_links":{"self":[{"href":"https:\/\/politycznie.mojelipsko.info\/index.php?rest_route=\/wp\/v2\/posts\/1701","targetHints":{"allow":["GET"]}}],"collection":[{"href":"https:\/\/politycznie.mojelipsko.info\/index.php?rest_route=\/wp\/v2\/posts"}],"about":[{"href":"https:\/\/politycznie.mojelipsko.info\/index.php?rest_route=\/wp\/v2\/types\/post"}],"author":[{"embeddable":true,"href":"https:\/\/politycznie.mojelipsko.info\/index.php?rest_route=\/wp\/v2\/users\/1"}],"replies":[{"embeddable":true,"href":"https:\/\/politycznie.mojelipsko.info\/index.php?rest_route=%2Fwp%2Fv2%2Fcomments&post=1701"}],"version-history":[{"count":0,"href":"https:\/\/politycznie.mojelipsko.info\/index.php?rest_route=\/wp\/v2\/posts\/1701\/revisions"}],"wp:attachment":[{"href":"https:\/\/politycznie.mojelipsko.info\/index.php?rest_route=%2Fwp%2Fv2%2Fmedia&parent=1701"}],"wp:term":[{"taxonomy":"category","embeddable":true,"href":"https:\/\/politycznie.mojelipsko.info\/index.php?rest_route=%2Fwp%2Fv2%2Fcategories&post=1701"},{"taxonomy":"post_tag","embeddable":true,"href":"https:\/\/politycznie.mojelipsko.info\/index.php?rest_route=%2Fwp%2Fv2%2Ftags&post=1701"}],"curies":[{"name":"wp","href":"https:\/\/api.w.org\/{rel}","templated":true}]}}